{"id":25391,"date":"2021-06-20T20:24:53","date_gmt":"2021-06-20T18:24:53","guid":{"rendered":"https:\/\/grete.duna.no\/blog\/?p=25391"},"modified":"2021-06-21T12:16:38","modified_gmt":"2021-06-21T10:16:38","slug":"kort-bestemorvisitt","status":"publish","type":"post","link":"https:\/\/grete.duna.no\/blog\/2021\/06\/20\/kort-bestemorvisitt\/","title":{"rendered":"Kort bestemorvisitt"},"content":{"rendered":"<p>Vi fikk til en kjapp visitt til Foldereid i helga, og tenk s\u00e5 heldig jeg var som traff begge sm\u00e5jentene mine! Ive insisterer p\u00e5 at jeg heter <strong>farmor<\/strong>, mens Ida tviholder p\u00e5 <strong>bestemor<\/strong>. Jeg smykker meg gjerne med begge titlene jeg \ud83d\udc9a<\/p>\n<p><a href=\"https:\/\/grete.duna.no\/blog\/wp-content\/uploads\/2021\/06\/ida-ive-foldereid.jpg\"><img decoding=\"async\" loading=\"lazy\" class=\"alignright size-full wp-image-25392\" style=\"border: 1px solid black;\" src=\"https:\/\/grete.duna.no\/blog\/wp-content\/uploads\/2021\/06\/ida-ive-foldereid.jpg\" alt=\"\" width=\"1077\" height=\"1280\" srcset=\"https:\/\/grete.duna.no\/blog\/wp-content\/uploads\/2021\/06\/ida-ive-foldereid.jpg 1077w, https:\/\/grete.duna.no\/blog\/wp-content\/uploads\/2021\/06\/ida-ive-foldereid-252x300.jpg 252w, https:\/\/grete.duna.no\/blog\/wp-content\/uploads\/2021\/06\/ida-ive-foldereid-862x1024.jpg 862w, https:\/\/grete.duna.no\/blog\/wp-content\/uploads\/2021\/06\/ida-ive-foldereid-768x913.jpg 768w\" sizes=\"(max-width: 709px) 85vw, (max-width: 909px) 67vw, (max-width: 1362px) 62vw, 840px\" \/><\/a><br \/>\nN\u00e5 gleder jeg meg masse til sommer, ferie og mange dager sammen med b\u00e5de store og sm\u00e5 i familien!<\/p>\n","protected":false},"excerpt":{"rendered":"<p>Vi fikk til en kjapp visitt til Foldereid i helga, og tenk s\u00e5 heldig jeg var som traff begge sm\u00e5jentene mine! Ive insisterer p\u00e5 at jeg heter farmor, mens Ida tviholder p\u00e5 bestemor. Jeg smykker meg gjerne med begge titlene jeg \ud83d\udc9a N\u00e5 gleder jeg meg masse til sommer, ferie og mange dager sammen med &hellip; <a href=\"https:\/\/grete.duna.no\/blog\/2021\/06\/20\/kort-bestemorvisitt\/\" class=\"more-link\">Continue reading<span class=\"screen-reader-text\"> &#8220;Kort bestemorvisitt&#8221;<\/span><\/a><\/p>\n","protected":false},"author":2,"featured_media":0,"comment_status":"open","ping_status":"open","sticky":false,"template":"","format":"standard","meta":[],"categories":[9,11],"tags":[32,358,77,257],"_links":{"self":[{"href":"https:\/\/grete.duna.no\/blog\/wp-json\/wp\/v2\/posts\/25391"}],"collection":[{"href":"https:\/\/grete.duna.no\/blog\/wp-json\/wp\/v2\/posts"}],"about":[{"href":"https:\/\/grete.duna.no\/blog\/wp-json\/wp\/v2\/types\/post"}],"author":[{"embeddable":true,"href":"https:\/\/grete.duna.no\/blog\/wp-json\/wp\/v2\/users\/2"}],"replies":[{"embeddable":true,"href":"https:\/\/grete.duna.no\/blog\/wp-json\/wp\/v2\/comments?post=25391"}],"version-history":[{"count":1,"href":"https:\/\/grete.duna.no\/blog\/wp-json\/wp\/v2\/posts\/25391\/revisions"}],"predecessor-version":[{"id":25393,"href":"https:\/\/grete.duna.no\/blog\/wp-json\/wp\/v2\/posts\/25391\/revisions\/25393"}],"wp:attachment":[{"href":"https:\/\/grete.duna.no\/blog\/wp-json\/wp\/v2\/media?parent=25391"}],"wp:term":[{"taxonomy":"category","embeddable":true,"href":"https:\/\/grete.duna.no\/blog\/wp-json\/wp\/v2\/categories?post=25391"},{"taxonomy":"post_tag","embeddable":true,"href":"https:\/\/grete.duna.no\/blog\/wp-json\/wp\/v2\/tags?post=25391"}],"curies":[{"name":"wp","href":"https:\/\/api.w.org\/{rel}","templated":true}]}}