{"id":3392,"date":"2010-07-31T21:44:08","date_gmt":"2010-07-31T19:44:08","guid":{"rendered":"http:\/\/grete.duna.no\/blog\/?p=3392"},"modified":"2010-07-31T21:58:07","modified_gmt":"2010-07-31T19:58:07","slug":"vi-spekulerer","status":"publish","type":"post","link":"https:\/\/grete.duna.no\/blog\/2010\/07\/31\/vi-spekulerer\/","title":{"rendered":"Vi spekulerer"},"content":{"rendered":"<p>N\u00e5 skal resten av verandaen bygges &#8211; nytt inngangsparti med trapp og bod. Vi tenker og funderer p\u00e5 hvordan det skal gj\u00f8res, og i morgen blir det trolig litt graving til pilarer p\u00e5 fremsiden.<\/p>\n<p style=\"text-align: center;\">\n<figure id=\"attachment_3393\" aria-describedby=\"caption-attachment-3393\" style=\"width: 540px\" class=\"wp-caption aligncenter\"><img decoding=\"async\" loading=\"lazy\" class=\"size-full wp-image-3393 \" style=\"border: 1px solid black; margin-top: 1px; margin-bottom: 1px;\" title=\"olav-spekulerer\" src=\"http:\/\/grete.duna.no\/blog\/wp-content\/uploads\/2010\/07\/olav-spekulerer.jpg\" alt=\"\" width=\"540\" height=\"409\" srcset=\"https:\/\/grete.duna.no\/blog\/wp-content\/uploads\/2010\/07\/olav-spekulerer.jpg 600w, https:\/\/grete.duna.no\/blog\/wp-content\/uploads\/2010\/07\/olav-spekulerer-300x227.jpg 300w\" sizes=\"(max-width: 540px) 85vw, 540px\" \/><figcaption id=\"caption-attachment-3393\" class=\"wp-caption-text\">Olav tenker p\u00e5 neste byggetrinn. Se s\u00e5 fin hagen har blitt, forresten!<\/figcaption><\/figure>\n<figure id=\"attachment_3394\" aria-describedby=\"caption-attachment-3394\" style=\"width: 540px\" class=\"wp-caption aligncenter\"><img decoding=\"async\" loading=\"lazy\" class=\"size-full wp-image-3394 \" style=\"border: 1px solid black; margin-top: 1px; margin-bottom: 1px;\" title=\"lukas-i-hagen\" src=\"http:\/\/grete.duna.no\/blog\/wp-content\/uploads\/2010\/07\/lukas-i-hagen.jpg\" alt=\"\" width=\"540\" height=\"230\" srcset=\"https:\/\/grete.duna.no\/blog\/wp-content\/uploads\/2010\/07\/lukas-i-hagen.jpg 600w, https:\/\/grete.duna.no\/blog\/wp-content\/uploads\/2010\/07\/lukas-i-hagen-300x127.jpg 300w\" sizes=\"(max-width: 540px) 85vw, 540px\" \/><figcaption id=\"caption-attachment-3394\" class=\"wp-caption-text\">Lukas spekulerer ikke s\u00e5 mye, han koser seg mest!<\/figcaption><\/figure>\n","protected":false},"excerpt":{"rendered":"<p>N\u00e5 skal resten av verandaen bygges &#8211; nytt inngangsparti med trapp og bod. Vi tenker og funderer p\u00e5 hvordan det skal gj\u00f8res, og i morgen blir det trolig litt graving til pilarer p\u00e5 fremsiden.<\/p>\n","protected":false},"author":2,"featured_media":0,"comment_status":"open","ping_status":"open","sticky":false,"template":"","format":"standard","meta":[],"categories":[9,39,6],"tags":[53,26,46,28,13],"_links":{"self":[{"href":"https:\/\/grete.duna.no\/blog\/wp-json\/wp\/v2\/posts\/3392"}],"collection":[{"href":"https:\/\/grete.duna.no\/blog\/wp-json\/wp\/v2\/posts"}],"about":[{"href":"https:\/\/grete.duna.no\/blog\/wp-json\/wp\/v2\/types\/post"}],"author":[{"embeddable":true,"href":"https:\/\/grete.duna.no\/blog\/wp-json\/wp\/v2\/users\/2"}],"replies":[{"embeddable":true,"href":"https:\/\/grete.duna.no\/blog\/wp-json\/wp\/v2\/comments?post=3392"}],"version-history":[{"count":4,"href":"https:\/\/grete.duna.no\/blog\/wp-json\/wp\/v2\/posts\/3392\/revisions"}],"predecessor-version":[{"id":3397,"href":"https:\/\/grete.duna.no\/blog\/wp-json\/wp\/v2\/posts\/3392\/revisions\/3397"}],"wp:attachment":[{"href":"https:\/\/grete.duna.no\/blog\/wp-json\/wp\/v2\/media?parent=3392"}],"wp:term":[{"taxonomy":"category","embeddable":true,"href":"https:\/\/grete.duna.no\/blog\/wp-json\/wp\/v2\/categories?post=3392"},{"taxonomy":"post_tag","embeddable":true,"href":"https:\/\/grete.duna.no\/blog\/wp-json\/wp\/v2\/tags?post=3392"}],"curies":[{"name":"wp","href":"https:\/\/api.w.org\/{rel}","templated":true}]}}