{"id":475,"date":"2009-12-18T17:09:06","date_gmt":"2009-12-18T16:09:06","guid":{"rendered":"http:\/\/grete.duna.no\/blog\/?p=475"},"modified":"2011-12-04T20:09:51","modified_gmt":"2011-12-04T19:09:51","slug":"historien-om-elektrikeren","status":"publish","type":"post","link":"https:\/\/grete.duna.no\/blog\/2009\/12\/18\/historien-om-elektrikeren\/","title":{"rendered":"Historien om elektrikeren"},"content":{"rendered":"<p>Etter en aldeles ubegripelig runde med telefoner, misforst\u00e5elser, feilinformasjon og trege folk ser det n\u00e5 ut til at str\u00f8mmen er kommet til Solfang. Olav reiste oppover p\u00e5 onsdag for \u00e5 vente p\u00e5 elektrikeren og for \u00e5 fyre opp i hytta f\u00f8r det kalde v\u00e6ret som var meldt satte inn. Han har n\u00e5 v\u00e6rt der i tre dager og omsider &#8211; i morges ble det utrolig nok koblet str\u00f8m mellom det offentlige nettet og hytta v\u00e5r.<\/p>\n<p>Det var ikke bare at elektrikeren ikke kom, det var rot med bestillinger hos everket, sammenblanding med hvilket anlegg som skule settes i drift, behov for graving (?) og surr i hvem som egentlig var saksbehandler. Det er vel to \u00e5r siden vi fikk lagt infrastrukturen med tilkobling til trafostasjon og endring av tras\u00e9 for stolper og kabler. Utend\u00f8rsboks var p\u00e5 plass i fjor og innvendig installasjon var ferdig. Det eneste vi trengte n\u00e5 var en m\u00e5ler, og elektrikeren, selvsagt.\u00a0 Saksbehandlerne greide omsider \u00e5 forst\u00e5 at vi kunne hente m\u00e5leren, og med n\u00f8d og neppe fikk vi avverget at denne ble sendt i posten. Olav m\u00e5tte kj\u00f8re til Steinkjer for \u00e5 hente den, en ganske hustrig tur p\u00e5 3 1\/2 time p\u00e5 lynglatt f\u00f8re i otta. Men det var en mye bedre l\u00f8sning enn \u00e5 sitte med hendene i fanget og vente p\u00e5 en forsendelse som sikkert ikke ville kommet p\u00e5 denne siden av nytt\u00e5r.<\/p>\n<p><img decoding=\"async\" loading=\"lazy\" class=\"aligncenter size-full wp-image-509\" title=\"adventsstjerne\" src=\"http:\/\/grete.duna.no\/blog\/wp-content\/uploads\/2009\/12\/adventsstjerne1.jpg\" alt=\"adventsstjerne\" width=\"256\" height=\"252\" \/><\/p>\n<p>N\u00e5 er alle formaliteter p\u00e5 plass, varmen er sl\u00e5tt p\u00e5 og ferien kan begynne. Vi drar ikke oppover f\u00f8r om et par dager, f\u00f8rst skal vi pakke ferdig og gj\u00f8re huset klart til hjemkomst p\u00e5 ny\u00e5ret. Og feire et par bursdager.<\/p>\n","protected":false},"excerpt":{"rendered":"<p>Etter en aldeles ubegripelig runde med telefoner, misforst\u00e5elser, feilinformasjon og trege folk ser det n\u00e5 ut til at str\u00f8mmen er kommet til Solfang. Olav reiste oppover p\u00e5 onsdag for \u00e5 vente p\u00e5 elektrikeren og for \u00e5 fyre opp i hytta f\u00f8r det kalde v\u00e6ret som var meldt satte inn. Han har n\u00e5 v\u00e6rt der i &hellip; <a href=\"https:\/\/grete.duna.no\/blog\/2009\/12\/18\/historien-om-elektrikeren\/\" class=\"more-link\">Continue reading<span class=\"screen-reader-text\"> &#8220;Historien om elektrikeren&#8221;<\/span><\/a><\/p>\n","protected":false},"author":2,"featured_media":0,"comment_status":"open","ping_status":"open","sticky":false,"template":"","format":"standard","meta":[],"categories":[6],"tags":[151,13],"_links":{"self":[{"href":"https:\/\/grete.duna.no\/blog\/wp-json\/wp\/v2\/posts\/475"}],"collection":[{"href":"https:\/\/grete.duna.no\/blog\/wp-json\/wp\/v2\/posts"}],"about":[{"href":"https:\/\/grete.duna.no\/blog\/wp-json\/wp\/v2\/types\/post"}],"author":[{"embeddable":true,"href":"https:\/\/grete.duna.no\/blog\/wp-json\/wp\/v2\/users\/2"}],"replies":[{"embeddable":true,"href":"https:\/\/grete.duna.no\/blog\/wp-json\/wp\/v2\/comments?post=475"}],"version-history":[{"count":7,"href":"https:\/\/grete.duna.no\/blog\/wp-json\/wp\/v2\/posts\/475\/revisions"}],"predecessor-version":[{"id":9759,"href":"https:\/\/grete.duna.no\/blog\/wp-json\/wp\/v2\/posts\/475\/revisions\/9759"}],"wp:attachment":[{"href":"https:\/\/grete.duna.no\/blog\/wp-json\/wp\/v2\/media?parent=475"}],"wp:term":[{"taxonomy":"category","embeddable":true,"href":"https:\/\/grete.duna.no\/blog\/wp-json\/wp\/v2\/categories?post=475"},{"taxonomy":"post_tag","embeddable":true,"href":"https:\/\/grete.duna.no\/blog\/wp-json\/wp\/v2\/tags?post=475"}],"curies":[{"name":"wp","href":"https:\/\/api.w.org\/{rel}","templated":true}]}}