{"id":6172,"date":"2011-01-13T00:06:28","date_gmt":"2011-01-12T23:06:28","guid":{"rendered":"http:\/\/grete.duna.no\/blog\/?p=6172"},"modified":"2011-06-29T21:30:56","modified_gmt":"2011-06-29T19:30:56","slug":"godt-begynt","status":"publish","type":"post","link":"https:\/\/grete.duna.no\/blog\/2011\/01\/13\/godt-begynt\/","title":{"rendered":"Godt begynt"},"content":{"rendered":"<p>Jeg gikk bananas p\u00e5 Ikea p\u00e5 mandag, og n\u00e5 n\u00e6rmer gangen seg ferdig. <a href=\"http:\/\/www.ikea.com\/no\/no\/catalog\/products\/50152703\">Skohylla<\/a> hadde jeg fra f\u00f8r, men den <a href=\"http:\/\/www.ikea.com\/no\/no\/catalog\/products\/00045560\">h\u00f8ye st\u00f8velhylla<\/a> er ny, sammen med bilder, knagger og en ekte plastblomst. Det ble en svipptur innom Europris der jeg kj\u00f8pte gummi-d\u00f8rmatter. Dem har jeg klipt opp og lagt inni hylla s\u00e5nn at den bedre skal t\u00e5le v\u00e5te st\u00f8vler og vintersko. Til sommeren kan jeg kanskje pynte inni hylla i stedet? Jeg synes det ble riktig s\u00e5 fint, og h\u00e5per at det skal holde seg s\u00e5nn lenge. Gjett om jeg ser frem til \u00e5 f\u00e5 malt furud\u00f8rene ogs\u00e5!<\/p>\n<figure id=\"attachment_6174\" aria-describedby=\"caption-attachment-6174\" style=\"width: 540px\" class=\"wp-caption aligncenter\"><a href=\"http:\/\/grete.duna.no\/blog\/wp-content\/uploads\/2011\/01\/gangen-innredet.jpg\"><img decoding=\"async\" loading=\"lazy\" class=\"size-full wp-image-6174 \" style=\"border: 1px solid black; margin-top: 1px; margin-bottom: 1px;\" title=\"gangen-innredet\" src=\"http:\/\/grete.duna.no\/blog\/wp-content\/uploads\/2011\/01\/gangen-innredet.jpg\" alt=\"\" width=\"540\" height=\"360\" srcset=\"https:\/\/grete.duna.no\/blog\/wp-content\/uploads\/2011\/01\/gangen-innredet.jpg 600w, https:\/\/grete.duna.no\/blog\/wp-content\/uploads\/2011\/01\/gangen-innredet-300x200.jpg 300w\" sizes=\"(max-width: 540px) 85vw, 540px\" \/><\/a><figcaption id=\"caption-attachment-6174\" class=\"wp-caption-text\">Innredningen er stort sett p\u00e5 plass<\/figcaption><\/figure>\n<p>Jeg fant en <a href=\"http:\/\/www.ikea.com\/no\/no\/catalog\/products\/S39877834\">lampe p\u00e5 Ikea<\/a> som jeg falt pladask for. Ettersom det var et praktisk plassert str\u00f8muttak p\u00e5 den veggen var ikke veien lang fra impuls til handling. Det morsomme med denne lampen er at jeg kan skifte ut frontpanelet hvis jeg skulle bli lei av det. Men forel\u00f8pig synes jeg det er en snasen lampe. Og s\u00e5 kan vi sjekke synet til alle som kommer p\u00e5 bes\u00f8k \ud83d\ude42<\/p>\n<figure id=\"attachment_6204\" aria-describedby=\"caption-attachment-6204\" style=\"width: 540px\" class=\"wp-caption aligncenter\"><a href=\"http:\/\/grete.duna.no\/blog\/wp-content\/uploads\/2011\/01\/synstest-lampe-1.jpg\"><img decoding=\"async\" loading=\"lazy\" class=\"size-full wp-image-6204\" style=\"border: 1px solid black; margin-top: 1px; margin-bottom: 1px;\" title=\"synstest-lampe-1\" src=\"http:\/\/grete.duna.no\/blog\/wp-content\/uploads\/2011\/01\/synstest-lampe-1.jpg\" alt=\"\" width=\"540\" height=\"423\" srcset=\"https:\/\/grete.duna.no\/blog\/wp-content\/uploads\/2011\/01\/synstest-lampe-1.jpg 591w, https:\/\/grete.duna.no\/blog\/wp-content\/uploads\/2011\/01\/synstest-lampe-1-300x235.jpg 300w\" sizes=\"(max-width: 540px) 85vw, 540px\" \/><\/a><figcaption id=\"caption-attachment-6204\" class=\"wp-caption-text\">Enda et lyspunkt i den tidligere m\u00f8rke gangen<\/figcaption><\/figure>\n<p style=\"text-align: left;\">Og s\u00e5 fant jeg et bilde p\u00e5 nettet som jeg likte godt. Det er printet og satt i ramme, og henger som en glad velkomst ved inngangsd\u00f8ra v\u00e5r. Sammen med halsb\u00e5ndene til Lukas.<\/p>\n<figure id=\"attachment_6177\" aria-describedby=\"caption-attachment-6177\" style=\"width: 540px\" class=\"wp-caption aligncenter\"><a href=\"http:\/\/grete.duna.no\/blog\/wp-content\/uploads\/2011\/01\/life-is-great.jpg\"><img decoding=\"async\" loading=\"lazy\" class=\"size-full wp-image-6177 \" style=\"border: 1px solid black; margin-top: 1px; margin-bottom: 1px;\" title=\"life-is-great\" src=\"http:\/\/grete.duna.no\/blog\/wp-content\/uploads\/2011\/01\/life-is-great.jpg\" alt=\"\" width=\"540\" height=\"180\" srcset=\"https:\/\/grete.duna.no\/blog\/wp-content\/uploads\/2011\/01\/life-is-great.jpg 1024w, https:\/\/grete.duna.no\/blog\/wp-content\/uploads\/2011\/01\/life-is-great-300x100.jpg 300w\" sizes=\"(max-width: 540px) 85vw, 540px\" \/><\/a><figcaption id=\"caption-attachment-6177\" class=\"wp-caption-text\">En koselig liten p\u00e5minnelse om at det bor en hund i huset<\/figcaption><\/figure>\n<p>Ett rom (nesten) unnagjort (jeg skal lage litt flere bilder tror jeg), da er det bare \u00e5 bevege seg videre innover i huset&#8230;<\/p>\n","protected":false},"excerpt":{"rendered":"<p>Jeg gikk bananas p\u00e5 Ikea p\u00e5 mandag, og n\u00e5 n\u00e6rmer gangen seg ferdig. Skohylla hadde jeg fra f\u00f8r, men den h\u00f8ye st\u00f8velhylla er ny, sammen med bilder, knagger og en ekte plastblomst. Det ble en svipptur innom Europris der jeg kj\u00f8pte gummi-d\u00f8rmatter. Dem har jeg klipt opp og lagt inni hylla s\u00e5nn at den bedre &hellip; <a href=\"https:\/\/grete.duna.no\/blog\/2011\/01\/13\/godt-begynt\/\" class=\"more-link\">Continue reading<span class=\"screen-reader-text\"> &#8220;Godt begynt&#8221;<\/span><\/a><\/p>\n","protected":false},"author":2,"featured_media":0,"comment_status":"open","ping_status":"open","sticky":false,"template":"","format":"standard","meta":[],"categories":[43,39],"tags":[134,69,46,129,67],"_links":{"self":[{"href":"https:\/\/grete.duna.no\/blog\/wp-json\/wp\/v2\/posts\/6172"}],"collection":[{"href":"https:\/\/grete.duna.no\/blog\/wp-json\/wp\/v2\/posts"}],"about":[{"href":"https:\/\/grete.duna.no\/blog\/wp-json\/wp\/v2\/types\/post"}],"author":[{"embeddable":true,"href":"https:\/\/grete.duna.no\/blog\/wp-json\/wp\/v2\/users\/2"}],"replies":[{"embeddable":true,"href":"https:\/\/grete.duna.no\/blog\/wp-json\/wp\/v2\/comments?post=6172"}],"version-history":[{"count":18,"href":"https:\/\/grete.duna.no\/blog\/wp-json\/wp\/v2\/posts\/6172\/revisions"}],"predecessor-version":[{"id":8045,"href":"https:\/\/grete.duna.no\/blog\/wp-json\/wp\/v2\/posts\/6172\/revisions\/8045"}],"wp:attachment":[{"href":"https:\/\/grete.duna.no\/blog\/wp-json\/wp\/v2\/media?parent=6172"}],"wp:term":[{"taxonomy":"category","embeddable":true,"href":"https:\/\/grete.duna.no\/blog\/wp-json\/wp\/v2\/categories?post=6172"},{"taxonomy":"post_tag","embeddable":true,"href":"https:\/\/grete.duna.no\/blog\/wp-json\/wp\/v2\/tags?post=6172"}],"curies":[{"name":"wp","href":"https:\/\/api.w.org\/{rel}","templated":true}]}}