{"id":6317,"date":"2011-01-22T00:03:57","date_gmt":"2011-01-21T23:03:57","guid":{"rendered":"http:\/\/grete.duna.no\/blog\/?p=6317"},"modified":"2015-09-04T13:37:44","modified_gmt":"2015-09-04T11:37:44","slug":"alene-i-skogen","status":"publish","type":"post","link":"https:\/\/grete.duna.no\/blog\/2011\/01\/22\/alene-i-skogen\/","title":{"rendered":"Alene i skogen"},"content":{"rendered":"<p>Vi f\u00e5r som regel g\u00e5 i fred i skogen, Lukas og jeg. Ikke s\u00e5nn \u00e5 forst\u00e5 at vi ikke synes det er kjekt \u00e5 treffe andre &#8211; det er selvf\u00f8lgelig trivelig det ogs\u00e5 &#8211; men det er jammen fredelig og avstressende \u00e5 v\u00e6re <em>tosomme<\/em> der ute.<\/p>\n<p>Mens jeg har hatt korte arbeidsdager har vi g\u00e5tt lange, gode turer i dagslyset. Det har delvis v\u00e6rt litt baskete \u00e5 g\u00e5 rundt Stavsj\u00f8en, men vi har god tid n\u00e5r vi rusler s\u00e5nn. P\u00e5 torsdagens langtur ble det skikkelig sn\u00f8v\u00e6r. Og det var s\u00e5 utrolig stille. Lukas h\u00f8rte sikkert b\u00e5de mus og r\u00e5dyr, for han svinset lykkelig mellom tr\u00e6r og busker, og sjekket innom meg for en godbit med jevne mellomrom.<\/p>\n<figure id=\"attachment_6318\" aria-describedby=\"caption-attachment-6318\" style=\"width: 540px\" class=\"wp-caption aligncenter\"><a href=\"http:\/\/grete.duna.no\/blog\/wp-content\/uploads\/2011\/01\/snotur.jpg\"><img decoding=\"async\" loading=\"lazy\" class=\"size-full wp-image-6318 \" style=\"border: 1px solid black; margin-top: 1px; margin-bottom: 1px;\" title=\"snotur\" src=\"http:\/\/grete.duna.no\/blog\/wp-content\/uploads\/2011\/01\/snotur.jpg\" alt=\"\" width=\"540\" height=\"356\" srcset=\"https:\/\/grete.duna.no\/blog\/wp-content\/uploads\/2011\/01\/snotur.jpg 600w, https:\/\/grete.duna.no\/blog\/wp-content\/uploads\/2011\/01\/snotur-300x198.jpg 300w\" sizes=\"(max-width: 540px) 85vw, 540px\" \/><\/a><figcaption id=\"caption-attachment-6318\" class=\"wp-caption-text\">Stille sn\u00f8v\u00e6r i skogen<\/figcaption><\/figure>\n<p>N\u00e5 har vi g\u00e5tt s\u00e5pass mange ganger at stien begynner \u00e5 blir farbar. Jeg m\u00e5 si jeg er takknemlig for at flere tar seg bryet med \u00e5 tr\u00e5kke stier i skogen &#8211; det er ikke alle av oss som trives med ski p\u00e5 beina. Skispor lages det massevis av i marka, men det ser ikke ut som vi <em>fotfolk<\/em> er s\u00e5 prioritert. Jeg har sett scooterspor noen steder &#8211; hadde det ikke g\u00e5tt an \u00e5 kj\u00f8re noen traseer for oss ikke-skiere ogs\u00e5 (n\u00e5r det f\u00f8rst kj\u00f8res med scooter likevel, mener jeg)? Det er litt trist \u00e5 bare g\u00e5 gatelangs i lengden, s\u00e5 g\u00e5-l\u00f8yper er superdupert!<\/p>\n","protected":false},"excerpt":{"rendered":"<p>Vi f\u00e5r som regel g\u00e5 i fred i skogen, Lukas og jeg. Ikke s\u00e5nn \u00e5 forst\u00e5 at vi ikke synes det er kjekt \u00e5 treffe andre &#8211; det er selvf\u00f8lgelig trivelig det ogs\u00e5 &#8211; men det er jammen fredelig og avstressende \u00e5 v\u00e6re tosomme der ute. Mens jeg har hatt korte arbeidsdager har vi g\u00e5tt &hellip; <a href=\"https:\/\/grete.duna.no\/blog\/2011\/01\/22\/alene-i-skogen\/\" class=\"more-link\">Continue reading<span class=\"screen-reader-text\"> &#8220;Alene i skogen&#8221;<\/span><\/a><\/p>\n","protected":false},"author":2,"featured_media":0,"comment_status":"open","ping_status":"open","sticky":false,"template":"","format":"standard","meta":[],"categories":[39],"tags":[46,226,102,120],"_links":{"self":[{"href":"https:\/\/grete.duna.no\/blog\/wp-json\/wp\/v2\/posts\/6317"}],"collection":[{"href":"https:\/\/grete.duna.no\/blog\/wp-json\/wp\/v2\/posts"}],"about":[{"href":"https:\/\/grete.duna.no\/blog\/wp-json\/wp\/v2\/types\/post"}],"author":[{"embeddable":true,"href":"https:\/\/grete.duna.no\/blog\/wp-json\/wp\/v2\/users\/2"}],"replies":[{"embeddable":true,"href":"https:\/\/grete.duna.no\/blog\/wp-json\/wp\/v2\/comments?post=6317"}],"version-history":[{"count":9,"href":"https:\/\/grete.duna.no\/blog\/wp-json\/wp\/v2\/posts\/6317\/revisions"}],"predecessor-version":[{"id":19627,"href":"https:\/\/grete.duna.no\/blog\/wp-json\/wp\/v2\/posts\/6317\/revisions\/19627"}],"wp:attachment":[{"href":"https:\/\/grete.duna.no\/blog\/wp-json\/wp\/v2\/media?parent=6317"}],"wp:term":[{"taxonomy":"category","embeddable":true,"href":"https:\/\/grete.duna.no\/blog\/wp-json\/wp\/v2\/categories?post=6317"},{"taxonomy":"post_tag","embeddable":true,"href":"https:\/\/grete.duna.no\/blog\/wp-json\/wp\/v2\/tags?post=6317"}],"curies":[{"name":"wp","href":"https:\/\/api.w.org\/{rel}","templated":true}]}}