{"id":6406,"date":"2011-01-31T00:29:14","date_gmt":"2011-01-30T23:29:14","guid":{"rendered":"http:\/\/grete.duna.no\/blog\/?p=6406"},"modified":"2017-05-23T13:46:32","modified_gmt":"2017-05-23T11:46:32","slug":"innetilv%c3%a6relse","status":"publish","type":"post","link":"https:\/\/grete.duna.no\/blog\/2011\/01\/31\/innetilv%c3%a6relse\/","title":{"rendered":"Innetilv\u00e6relse"},"content":{"rendered":"<p>Selv jeg synes det er i meste laget hustrig ute for tiden. \u00c9n ting er at det regner &#8211; det er egentlig greit nok &#8211; men den evinnelige vinden blir jeg fryktelig lei av. Men dette er ikke en klage alts\u00e5. Jeg bare konstaterer at det <strong>er<\/strong> s\u00e5nn. Og siden det fortsatt er m\u00f8rkt (nok) om kvelden, s\u00e5 tenner jeg lys. Og koser meg.<\/p>\n<figure id=\"attachment_6407\" aria-describedby=\"caption-attachment-6407\" style=\"width: 540px\" class=\"wp-caption aligncenter\"><a href=\"http:\/\/grete.duna.no\/blog\/wp-content\/uploads\/2011\/01\/koselys.jpg\"><img decoding=\"async\" loading=\"lazy\" class=\"size-full wp-image-6407\" style=\"border: 1px solid black; margin-top: 1px; margin-bottom: 1px;\" title=\"koselys\" src=\"http:\/\/grete.duna.no\/blog\/wp-content\/uploads\/2011\/01\/koselys.jpg\" alt=\"\" width=\"540\" height=\"374\" srcset=\"https:\/\/grete.duna.no\/blog\/wp-content\/uploads\/2011\/01\/koselys.jpg 600w, https:\/\/grete.duna.no\/blog\/wp-content\/uploads\/2011\/01\/koselys-300x207.jpg 300w\" sizes=\"(max-width: 540px) 85vw, 540px\" \/><\/a><figcaption id=\"caption-attachment-6407\" class=\"wp-caption-text\">Levende lys er litt bel\u00f8nning p\u00e5 m\u00f8rke vinterkvelder, ikke sant?<\/figcaption><\/figure>\n<p style=\"text-align: center;\">\n","protected":false},"excerpt":{"rendered":"<p>Selv jeg synes det er i meste laget hustrig ute for tiden. \u00c9n ting er at det regner &#8211; det er egentlig greit nok &#8211; men den evinnelige vinden blir jeg fryktelig lei av. Men dette er ikke en klage alts\u00e5. Jeg bare konstaterer at det er s\u00e5nn. Og siden det fortsatt er m\u00f8rkt (nok) &hellip; <a href=\"https:\/\/grete.duna.no\/blog\/2011\/01\/31\/innetilv%c3%a6relse\/\" class=\"more-link\">Continue reading<span class=\"screen-reader-text\"> &#8220;Innetilv\u00e6relse&#8221;<\/span><\/a><\/p>\n","protected":false},"author":2,"featured_media":0,"comment_status":"open","ping_status":"open","sticky":false,"template":"","format":"standard","meta":[],"categories":[43],"tags":[47,37],"_links":{"self":[{"href":"https:\/\/grete.duna.no\/blog\/wp-json\/wp\/v2\/posts\/6406"}],"collection":[{"href":"https:\/\/grete.duna.no\/blog\/wp-json\/wp\/v2\/posts"}],"about":[{"href":"https:\/\/grete.duna.no\/blog\/wp-json\/wp\/v2\/types\/post"}],"author":[{"embeddable":true,"href":"https:\/\/grete.duna.no\/blog\/wp-json\/wp\/v2\/users\/2"}],"replies":[{"embeddable":true,"href":"https:\/\/grete.duna.no\/blog\/wp-json\/wp\/v2\/comments?post=6406"}],"version-history":[{"count":6,"href":"https:\/\/grete.duna.no\/blog\/wp-json\/wp\/v2\/posts\/6406\/revisions"}],"predecessor-version":[{"id":6413,"href":"https:\/\/grete.duna.no\/blog\/wp-json\/wp\/v2\/posts\/6406\/revisions\/6413"}],"wp:attachment":[{"href":"https:\/\/grete.duna.no\/blog\/wp-json\/wp\/v2\/media?parent=6406"}],"wp:term":[{"taxonomy":"category","embeddable":true,"href":"https:\/\/grete.duna.no\/blog\/wp-json\/wp\/v2\/categories?post=6406"},{"taxonomy":"post_tag","embeddable":true,"href":"https:\/\/grete.duna.no\/blog\/wp-json\/wp\/v2\/tags?post=6406"}],"curies":[{"name":"wp","href":"https:\/\/api.w.org\/{rel}","templated":true}]}}