{"id":6633,"date":"2011-02-19T20:30:28","date_gmt":"2011-02-19T19:30:28","guid":{"rendered":"http:\/\/grete.duna.no\/blog\/?p=6633"},"modified":"2011-02-19T20:30:28","modified_gmt":"2011-02-19T19:30:28","slug":"makeover-gjerne-det","status":"publish","type":"post","link":"https:\/\/grete.duna.no\/blog\/2011\/02\/19\/makeover-gjerne-det\/","title":{"rendered":"Makeover &#8211; gjerne det!"},"content":{"rendered":"<p>Noen ganger skulle jeg \u00f8nske at noen tok meg med p\u00e5 en eller annen overraskelsestur. En reise, en happening eller en <em>makeover<\/em> av ett eller annet slag. Noe som er planlagt helt uten at jeg vet noe om det, og som gir meg en opplevelse eller en forandring til det bedre. (Det betyr alts\u00e5 at jeg <strong>ikke<\/strong> ville sette spesielt stor pris p\u00e5 \u00e5 bli lurt, s\u00e5nn type <em>&#8220;drite seg ut for publikum&#8221;<\/em>-moro) Jeg har en mistanke om at mine omgivelser oppfatter meg som en som \u00f8nsker \u00e5 ha full kontroll hele tiden. Men herved avsl\u00f8rer jeg alts\u00e5; <strong>overrask meg gjerne!<\/strong><\/p>\n<p>I dag tok jeg denne skjeen litt i egen h\u00e5nd. For det er ingen tvil om at jeg trenger en aldri s\u00e5 liten fornyelse. Jeg g\u00e5r igjen i de samme kl\u00e6rne, skoene, frisyren, vanene&#8230; Jeg smelte til og kj\u00f8pte meg litt kl\u00e6r i dag. <strong>Damekl\u00e6r<\/strong>. Ungene gjorde faktisk store \u00f8yne. Det tyder p\u00e5 at det var p\u00e5 tide, eller&#8230;?<\/p>\n<p style=\"text-align: left;\">\n<figure id=\"attachment_6634\" aria-describedby=\"caption-attachment-6634\" style=\"width: 540px\" class=\"wp-caption aligncenter\"><a href=\"http:\/\/grete.duna.no\/blog\/wp-content\/uploads\/2011\/02\/dameklar.jpg\"><img decoding=\"async\" loading=\"lazy\" class=\"size-full wp-image-6634 \" style=\"border: 1px solid black; margin-top: 1px; margin-bottom: 1px;\" title=\"dameklar\" src=\"http:\/\/grete.duna.no\/blog\/wp-content\/uploads\/2011\/02\/dameklar.jpg\" alt=\"\" width=\"540\" height=\"361\" srcset=\"https:\/\/grete.duna.no\/blog\/wp-content\/uploads\/2011\/02\/dameklar.jpg 600w, https:\/\/grete.duna.no\/blog\/wp-content\/uploads\/2011\/02\/dameklar-300x200.jpg 300w\" sizes=\"(max-width: 540px) 85vw, 540px\" \/><\/a><figcaption id=\"caption-attachment-6634\" class=\"wp-caption-text\">Nye st\u00f8vletter og ny bukse. Damekl\u00e6r.<\/figcaption><\/figure>\n<p style=\"text-align: left;\">Vi har hatt en deilig f\u00f8rste feriedag p\u00e5 hytta. Med unntak av byturen har vi stort sett gjort ingenting. Og det er vel det ferier er til for? Margrete har lekt litt med kameraet sitt og pr\u00f8vde \u00e5 lage <em>&#8220;sp\u00f8kelse gjennom rommet&#8221;<\/em>-effekt:<\/p>\n<p style=\"text-align: center;\">\n<figure id=\"attachment_6635\" aria-describedby=\"caption-attachment-6635\" style=\"width: 540px\" class=\"wp-caption aligncenter\"><a href=\"http:\/\/grete.duna.no\/blog\/wp-content\/uploads\/2011\/02\/lukas-og-mor-rydder-kjokken.jpg\"><img decoding=\"async\" loading=\"lazy\" class=\"size-full wp-image-6635  \" style=\"border: 1px solid black; margin-top: 1px; margin-bottom: 1px;\" title=\"lukas-og-mor-rydder-kjokken\" src=\"http:\/\/grete.duna.no\/blog\/wp-content\/uploads\/2011\/02\/lukas-og-mor-rydder-kjokken.jpg\" alt=\"\" width=\"540\" height=\"211\" srcset=\"https:\/\/grete.duna.no\/blog\/wp-content\/uploads\/2011\/02\/lukas-og-mor-rydder-kjokken.jpg 2340w, https:\/\/grete.duna.no\/blog\/wp-content\/uploads\/2011\/02\/lukas-og-mor-rydder-kjokken-300x116.jpg 300w, https:\/\/grete.duna.no\/blog\/wp-content\/uploads\/2011\/02\/lukas-og-mor-rydder-kjokken-1024x399.jpg 1024w\" sizes=\"(max-width: 540px) 85vw, 540px\" \/><\/a><figcaption id=\"caption-attachment-6635\" class=\"wp-caption-text\">Lukas og mamma p\u00e5 kj\u00f8kkenet - full fart i ryddingen<\/figcaption><\/figure>\n<p>N\u00e5 skal en hel stabel av b\u00f8ker forseres de n\u00e6rmeste dagene. Kanskje vi gj\u00f8r noe spennende i morgen. Eller kanskje ikke. Det f\u00e5r faktisk bare bli som det blir, her trekker vi pusten alle mann!<\/p>\n","protected":false},"excerpt":{"rendered":"<p>Noen ganger skulle jeg \u00f8nske at noen tok meg med p\u00e5 en eller annen overraskelsestur. En reise, en happening eller en makeover av ett eller annet slag. Noe som er planlagt helt uten at jeg vet noe om det, og som gir meg en opplevelse eller en forandring til det bedre. (Det betyr alts\u00e5 at &hellip; <a href=\"https:\/\/grete.duna.no\/blog\/2011\/02\/19\/makeover-gjerne-det\/\" class=\"more-link\">Continue reading<span class=\"screen-reader-text\"> &#8220;Makeover &#8211; gjerne det!&#8221;<\/span><\/a><\/p>\n","protected":false},"author":2,"featured_media":0,"comment_status":"open","ping_status":"open","sticky":false,"template":"","format":"standard","meta":[],"categories":[9,11,39,6],"tags":[53,46,12,67],"_links":{"self":[{"href":"https:\/\/grete.duna.no\/blog\/wp-json\/wp\/v2\/posts\/6633"}],"collection":[{"href":"https:\/\/grete.duna.no\/blog\/wp-json\/wp\/v2\/posts"}],"about":[{"href":"https:\/\/grete.duna.no\/blog\/wp-json\/wp\/v2\/types\/post"}],"author":[{"embeddable":true,"href":"https:\/\/grete.duna.no\/blog\/wp-json\/wp\/v2\/users\/2"}],"replies":[{"embeddable":true,"href":"https:\/\/grete.duna.no\/blog\/wp-json\/wp\/v2\/comments?post=6633"}],"version-history":[{"count":11,"href":"https:\/\/grete.duna.no\/blog\/wp-json\/wp\/v2\/posts\/6633\/revisions"}],"predecessor-version":[{"id":6646,"href":"https:\/\/grete.duna.no\/blog\/wp-json\/wp\/v2\/posts\/6633\/revisions\/6646"}],"wp:attachment":[{"href":"https:\/\/grete.duna.no\/blog\/wp-json\/wp\/v2\/media?parent=6633"}],"wp:term":[{"taxonomy":"category","embeddable":true,"href":"https:\/\/grete.duna.no\/blog\/wp-json\/wp\/v2\/categories?post=6633"},{"taxonomy":"post_tag","embeddable":true,"href":"https:\/\/grete.duna.no\/blog\/wp-json\/wp\/v2\/tags?post=6633"}],"curies":[{"name":"wp","href":"https:\/\/api.w.org\/{rel}","templated":true}]}}