{"id":6845,"date":"2011-03-05T23:37:42","date_gmt":"2011-03-05T22:37:42","guid":{"rendered":"http:\/\/grete.duna.no\/blog\/?p=6845"},"modified":"2012-01-16T18:49:37","modified_gmt":"2012-01-16T17:49:37","slug":"gardinf%c3%b8rstehjelp","status":"publish","type":"post","link":"https:\/\/grete.duna.no\/blog\/2011\/03\/05\/gardinf%c3%b8rstehjelp\/","title":{"rendered":"Gardinf\u00f8rstehjelp"},"content":{"rendered":"<p style=\"text-align: left;\">Jeg bes\u00f8kte <a href=\"http:\/\/mariannsgardineras.blogspot.com\/\">Mariann<\/a> i dag og fikk <em>gardinf\u00f8rstehjelp<\/em>, det tror jeg var  lurt n\u00e5r vi snart f\u00e5r fotograf p\u00e5 bes\u00f8k &#8211; jeg har jo ikke akkurat tenkt \u00e5  kj\u00f8pe nye gardiner her f\u00f8r vi flytter. F\u00f8rste rom klart for inspeksjon  og fotograf er badet i f\u00f8rste etasje. Det var s\u00e5rt tiltrengt med et skippertak der av s\u00e5 mange grunner. Og den s\u00f8te liftgardinen ble et stort pluss etter at rommet var bortimot t\u00f8mt. N\u00e5 blir det jo ikke noe av den planlagte oppussingen av badet heller, men et kjekt og romslig bad er det.<\/p>\n<figure id=\"attachment_6849\" aria-describedby=\"caption-attachment-6849\" style=\"width: 540px\" class=\"wp-caption aligncenter\"><a href=\"http:\/\/grete.duna.no\/blog\/wp-content\/uploads\/2011\/03\/tomt-bad1.jpg\"><img decoding=\"async\" loading=\"lazy\" class=\"size-full wp-image-6849 \" style=\"border: 1px solid black; margin-top: 1px; margin-bottom: 1px;\" title=\"tomt-bad\" src=\"http:\/\/grete.duna.no\/blog\/wp-content\/uploads\/2011\/03\/tomt-bad1.jpg\" alt=\"\" width=\"540\" height=\"389\" srcset=\"https:\/\/grete.duna.no\/blog\/wp-content\/uploads\/2011\/03\/tomt-bad1.jpg 540w, https:\/\/grete.duna.no\/blog\/wp-content\/uploads\/2011\/03\/tomt-bad1-300x216.jpg 300w\" sizes=\"(max-width: 540px) 85vw, 540px\" \/><\/a><figcaption id=\"caption-attachment-6849\" class=\"wp-caption-text\">Badet klart for inspeksjon<\/figcaption><\/figure>\n<p>Jeg skal vise frem mer av Marianns <em>n\u00f8drasjoner<\/em> senere, n\u00e5r stue og soverom har f\u00e5tt sitt. Vi er kommet godt i gang med pakke-rydde-vaske, faktisk. Det f\u00f8les godt.<\/p>\n","protected":false},"excerpt":{"rendered":"<p>Jeg bes\u00f8kte Mariann i dag og fikk gardinf\u00f8rstehjelp, det tror jeg var lurt n\u00e5r vi snart f\u00e5r fotograf p\u00e5 bes\u00f8k &#8211; jeg har jo ikke akkurat tenkt \u00e5 kj\u00f8pe nye gardiner her f\u00f8r vi flytter. F\u00f8rste rom klart for inspeksjon og fotograf er badet i f\u00f8rste etasje. Det var s\u00e5rt tiltrengt med et skippertak der &hellip; <a href=\"https:\/\/grete.duna.no\/blog\/2011\/03\/05\/gardinf%c3%b8rstehjelp\/\" class=\"more-link\">Continue reading<span class=\"screen-reader-text\"> &#8220;Gardinf\u00f8rstehjelp&#8221;<\/span><\/a><\/p>\n","protected":false},"author":2,"featured_media":0,"comment_status":"open","ping_status":"open","sticky":false,"template":"","format":"standard","meta":[],"categories":[43],"tags":[134,132,69,129,153],"_links":{"self":[{"href":"https:\/\/grete.duna.no\/blog\/wp-json\/wp\/v2\/posts\/6845"}],"collection":[{"href":"https:\/\/grete.duna.no\/blog\/wp-json\/wp\/v2\/posts"}],"about":[{"href":"https:\/\/grete.duna.no\/blog\/wp-json\/wp\/v2\/types\/post"}],"author":[{"embeddable":true,"href":"https:\/\/grete.duna.no\/blog\/wp-json\/wp\/v2\/users\/2"}],"replies":[{"embeddable":true,"href":"https:\/\/grete.duna.no\/blog\/wp-json\/wp\/v2\/comments?post=6845"}],"version-history":[{"count":11,"href":"https:\/\/grete.duna.no\/blog\/wp-json\/wp\/v2\/posts\/6845\/revisions"}],"predecessor-version":[{"id":10125,"href":"https:\/\/grete.duna.no\/blog\/wp-json\/wp\/v2\/posts\/6845\/revisions\/10125"}],"wp:attachment":[{"href":"https:\/\/grete.duna.no\/blog\/wp-json\/wp\/v2\/media?parent=6845"}],"wp:term":[{"taxonomy":"category","embeddable":true,"href":"https:\/\/grete.duna.no\/blog\/wp-json\/wp\/v2\/categories?post=6845"},{"taxonomy":"post_tag","embeddable":true,"href":"https:\/\/grete.duna.no\/blog\/wp-json\/wp\/v2\/tags?post=6845"}],"curies":[{"name":"wp","href":"https:\/\/api.w.org\/{rel}","templated":true}]}}