{"id":7131,"date":"2011-03-28T00:04:57","date_gmt":"2011-03-27T22:04:57","guid":{"rendered":"http:\/\/grete.duna.no\/blog\/?p=7131"},"modified":"2011-03-27T20:05:43","modified_gmt":"2011-03-27T18:05:43","slug":"hvis-du-reiser-sa","status":"publish","type":"post","link":"https:\/\/grete.duna.no\/blog\/2011\/03\/28\/hvis-du-reiser-sa\/","title":{"rendered":"Hvis du reiser, s\u00e5&#8230;"},"content":{"rendered":"<p style=\"text-align: left;\">&#8230; skal jeg v\u00e6re med! Lukas var ganske s\u00e5 snar til \u00e5 legge seg oppi kofferten min da jeg begynte \u00e5 pakke i g\u00e5r kveld. Jeg lurer p\u00e5 om han skj\u00f8nner at jeg skal v\u00e6re borte hele uka? Jeg skulle s\u00e5 gjerne hatt deg med, lille kompis!<\/p>\n<figure id=\"attachment_7132\" aria-describedby=\"caption-attachment-7132\" style=\"width: 540px\" class=\"wp-caption aligncenter\"><a href=\"http:\/\/grete.duna.no\/blog\/wp-content\/uploads\/2011\/03\/lukas-i-kofferten.jpg\"><img decoding=\"async\" loading=\"lazy\" class=\"size-full wp-image-7132 \" style=\"border: 1px solid black; margin-top: 1px; margin-bottom: 1px;\" title=\"lukas-i-kofferten\" src=\"http:\/\/grete.duna.no\/blog\/wp-content\/uploads\/2011\/03\/lukas-i-kofferten.jpg\" alt=\"\" width=\"540\" height=\"339\" srcset=\"https:\/\/grete.duna.no\/blog\/wp-content\/uploads\/2011\/03\/lukas-i-kofferten.jpg 600w, https:\/\/grete.duna.no\/blog\/wp-content\/uploads\/2011\/03\/lukas-i-kofferten-300x188.jpg 300w\" sizes=\"(max-width: 540px) 85vw, 540px\" \/><\/a><figcaption id=\"caption-attachment-7132\" class=\"wp-caption-text\">Ikke reis uten meg da, mamma...!<\/figcaption><\/figure>\n","protected":false},"excerpt":{"rendered":"<p>&#8230; skal jeg v\u00e6re med! Lukas var ganske s\u00e5 snar til \u00e5 legge seg oppi kofferten min da jeg begynte \u00e5 pakke i g\u00e5r kveld. Jeg lurer p\u00e5 om han skj\u00f8nner at jeg skal v\u00e6re borte hele uka? Jeg skulle s\u00e5 gjerne hatt deg med, lille kompis!<\/p>\n","protected":false},"author":2,"featured_media":0,"comment_status":"open","ping_status":"open","sticky":false,"template":"","format":"standard","meta":[],"categories":[11,39],"tags":[46,136],"_links":{"self":[{"href":"https:\/\/grete.duna.no\/blog\/wp-json\/wp\/v2\/posts\/7131"}],"collection":[{"href":"https:\/\/grete.duna.no\/blog\/wp-json\/wp\/v2\/posts"}],"about":[{"href":"https:\/\/grete.duna.no\/blog\/wp-json\/wp\/v2\/types\/post"}],"author":[{"embeddable":true,"href":"https:\/\/grete.duna.no\/blog\/wp-json\/wp\/v2\/users\/2"}],"replies":[{"embeddable":true,"href":"https:\/\/grete.duna.no\/blog\/wp-json\/wp\/v2\/comments?post=7131"}],"version-history":[{"count":7,"href":"https:\/\/grete.duna.no\/blog\/wp-json\/wp\/v2\/posts\/7131\/revisions"}],"predecessor-version":[{"id":7139,"href":"https:\/\/grete.duna.no\/blog\/wp-json\/wp\/v2\/posts\/7131\/revisions\/7139"}],"wp:attachment":[{"href":"https:\/\/grete.duna.no\/blog\/wp-json\/wp\/v2\/media?parent=7131"}],"wp:term":[{"taxonomy":"category","embeddable":true,"href":"https:\/\/grete.duna.no\/blog\/wp-json\/wp\/v2\/categories?post=7131"},{"taxonomy":"post_tag","embeddable":true,"href":"https:\/\/grete.duna.no\/blog\/wp-json\/wp\/v2\/tags?post=7131"}],"curies":[{"name":"wp","href":"https:\/\/api.w.org\/{rel}","templated":true}]}}