{"id":7201,"date":"2011-04-03T12:56:52","date_gmt":"2011-04-03T10:56:52","guid":{"rendered":"http:\/\/grete.duna.no\/blog\/?p=7201"},"modified":"2017-05-23T13:44:37","modified_gmt":"2017-05-23T11:44:37","slug":"endelig-er-det-var","status":"publish","type":"post","link":"https:\/\/grete.duna.no\/blog\/2011\/04\/03\/endelig-er-det-var\/","title":{"rendered":"Endelig er det v\u00e5r!"},"content":{"rendered":"<p style=\"text-align: left;\">V\u00e5ren er her, helt klart! Om den skulle finne p\u00e5 \u00e5 stikke av igjen, s\u00e5 har den i alle fall v\u00e6rt her i rikt monn denne helgen. I g\u00e5r var det hele 14\u00b0 og med heftig regn utp\u00e5 kvelden og natta. S\u00e5nt blir det sn\u00f8fritt av. N\u00e5r sola attp\u00e5til str\u00e5ler fra skyfri, bl\u00e5 himmel er det ingenting som frister mer enn en tur p\u00e5 stranda. Lukas viste ingen tegn p\u00e5 vannskrekk, han lekte og l\u00f8p i sand og vann. Deilig!<\/p>\n<figure id=\"attachment_7202\" aria-describedby=\"caption-attachment-7202\" style=\"width: 540px\" class=\"wp-caption aligncenter\"><a href=\"http:\/\/grete.duna.no\/blog\/wp-content\/uploads\/2011\/04\/lukas-ved-sjoen.jpg\"><img decoding=\"async\" loading=\"lazy\" class=\"size-full wp-image-7202 \" style=\"border: 1px solid black; margin-top: 1px; margin-bottom: 1px;\" title=\"lukas-ved-sjoen\" src=\"http:\/\/grete.duna.no\/blog\/wp-content\/uploads\/2011\/04\/lukas-ved-sjoen.jpg\" alt=\"\" width=\"540\" height=\"342\" srcset=\"https:\/\/grete.duna.no\/blog\/wp-content\/uploads\/2011\/04\/lukas-ved-sjoen.jpg 600w, https:\/\/grete.duna.no\/blog\/wp-content\/uploads\/2011\/04\/lukas-ved-sjoen-300x190.jpg 300w\" sizes=\"(max-width: 540px) 85vw, 540px\" \/><\/a><figcaption id=\"caption-attachment-7202\" class=\"wp-caption-text\">Mye spennende \u00e5 lukte p\u00e5<\/figcaption><\/figure>\n<p style=\"text-align: center;\">\n<figure id=\"attachment_7213\" aria-describedby=\"caption-attachment-7213\" style=\"width: 540px\" class=\"wp-caption aligncenter\"><a href=\"http:\/\/grete.duna.no\/blog\/wp-content\/uploads\/2011\/04\/lukas-ved-sjoen2.jpg\"><img decoding=\"async\" loading=\"lazy\" class=\"size-full wp-image-7213 \" style=\"border: 1px solid black; margin-top: 1px; margin-bottom: 1px;\" title=\"lukas-ved-sjoen2\" src=\"http:\/\/grete.duna.no\/blog\/wp-content\/uploads\/2011\/04\/lukas-ved-sjoen2.jpg\" alt=\"\" width=\"540\" height=\"238\" srcset=\"https:\/\/grete.duna.no\/blog\/wp-content\/uploads\/2011\/04\/lukas-ved-sjoen2.jpg 600w, https:\/\/grete.duna.no\/blog\/wp-content\/uploads\/2011\/04\/lukas-ved-sjoen2-300x132.jpg 300w\" sizes=\"(max-width: 540px) 85vw, 540px\" \/><\/a><figcaption id=\"caption-attachment-7213\" class=\"wp-caption-text\">Glad Lukas i frileik<\/figcaption><\/figure>\n<figure id=\"attachment_7203\" aria-describedby=\"caption-attachment-7203\" style=\"width: 540px\" class=\"wp-caption aligncenter\"><a href=\"http:\/\/grete.duna.no\/blog\/wp-content\/uploads\/2011\/04\/lukas-i-sjoen1.jpg\"><img decoding=\"async\" loading=\"lazy\" class=\"size-full wp-image-7203 \" style=\"border: 1px solid black; margin-top: 1px; margin-bottom: 1px;\" title=\"lukas-i-sjoen1\" src=\"http:\/\/grete.duna.no\/blog\/wp-content\/uploads\/2011\/04\/lukas-i-sjoen1.jpg\" alt=\"\" width=\"540\" height=\"212\" srcset=\"https:\/\/grete.duna.no\/blog\/wp-content\/uploads\/2011\/04\/lukas-i-sjoen1.jpg 600w, https:\/\/grete.duna.no\/blog\/wp-content\/uploads\/2011\/04\/lukas-i-sjoen1-300x117.jpg 300w\" sizes=\"(max-width: 540px) 85vw, 540px\" \/><\/a><figcaption id=\"caption-attachment-7203\" class=\"wp-caption-text\">En slags dukkert \u2013 vann over kn\u00e6rne=bading?<\/figcaption><\/figure>\n<p style=\"text-align: center;\">\n<figure id=\"attachment_7214\" aria-describedby=\"caption-attachment-7214\" style=\"width: 540px\" class=\"wp-caption aligncenter\"><a href=\"http:\/\/grete.duna.no\/blog\/wp-content\/uploads\/2011\/04\/lukas-i-sjoen2.jpg\"><img decoding=\"async\" loading=\"lazy\" class=\"size-full wp-image-7214 \" style=\"border: 1px solid black; margin-top: 1px; margin-bottom: 1px;\" title=\"lukas-i-sjoen2\" src=\"http:\/\/grete.duna.no\/blog\/wp-content\/uploads\/2011\/04\/lukas-i-sjoen2.jpg\" alt=\"\" width=\"540\" height=\"368\" srcset=\"https:\/\/grete.duna.no\/blog\/wp-content\/uploads\/2011\/04\/lukas-i-sjoen2.jpg 600w, https:\/\/grete.duna.no\/blog\/wp-content\/uploads\/2011\/04\/lukas-i-sjoen2-300x204.jpg 300w\" sizes=\"(max-width: 540px) 85vw, 540px\" \/><\/a><figcaption id=\"caption-attachment-7214\" class=\"wp-caption-text\">Lukas pr\u00f8ver \u00e5 fange det som r\u00f8rer seg under overflata<\/figcaption><\/figure>\n<figure id=\"attachment_7204\" aria-describedby=\"caption-attachment-7204\" style=\"width: 540px\" class=\"wp-caption aligncenter\"><a href=\"http:\/\/grete.duna.no\/blog\/wp-content\/uploads\/2011\/04\/tussilago.jpg\"><img decoding=\"async\" loading=\"lazy\" class=\"size-full wp-image-7204 \" style=\"border: 1px solid black; margin-top: 1px; margin-bottom: 1px;\" title=\"tussilago\" src=\"http:\/\/grete.duna.no\/blog\/wp-content\/uploads\/2011\/04\/tussilago.jpg\" alt=\"\" width=\"540\" height=\"537\" srcset=\"https:\/\/grete.duna.no\/blog\/wp-content\/uploads\/2011\/04\/tussilago.jpg 600w, https:\/\/grete.duna.no\/blog\/wp-content\/uploads\/2011\/04\/tussilago-180x180.jpg 180w, https:\/\/grete.duna.no\/blog\/wp-content\/uploads\/2011\/04\/tussilago-300x298.jpg 300w\" sizes=\"(max-width: 540px) 85vw, 540px\" \/><\/a><figcaption id=\"caption-attachment-7204\" class=\"wp-caption-text\">Og mine f\u00f8rste leirfivel for \u00e5ret \u2013 ikke spesielt tidlig, men veldig vakre<\/figcaption><\/figure>\n<p>Ikke spesielt originalt blogginlegg dette &#8211; jeg gjetter p\u00e5 en ganske stor mengde <em>&#8220;V\u00e5ren er her&#8221;<\/em>-poster i l\u00f8pet av disse dagene.<\/p>\n","protected":false},"excerpt":{"rendered":"<p>V\u00e5ren er her, helt klart! Om den skulle finne p\u00e5 \u00e5 stikke av igjen, s\u00e5 har den i alle fall v\u00e6rt her i rikt monn denne helgen. I g\u00e5r var det hele 14\u00b0 og med heftig regn utp\u00e5 kvelden og natta. S\u00e5nt blir det sn\u00f8fritt av. N\u00e5r sola attp\u00e5til str\u00e5ler fra skyfri, bl\u00e5 himmel er &hellip; <a href=\"https:\/\/grete.duna.no\/blog\/2011\/04\/03\/endelig-er-det-var\/\" class=\"more-link\">Continue reading<span class=\"screen-reader-text\"> &#8220;Endelig er det v\u00e5r!&#8221;<\/span><\/a><\/p>\n","protected":false},"author":2,"featured_media":0,"comment_status":"open","ping_status":"open","sticky":false,"template":"","format":"standard","meta":[],"categories":[11,39],"tags":[46,76,120,19],"_links":{"self":[{"href":"https:\/\/grete.duna.no\/blog\/wp-json\/wp\/v2\/posts\/7201"}],"collection":[{"href":"https:\/\/grete.duna.no\/blog\/wp-json\/wp\/v2\/posts"}],"about":[{"href":"https:\/\/grete.duna.no\/blog\/wp-json\/wp\/v2\/types\/post"}],"author":[{"embeddable":true,"href":"https:\/\/grete.duna.no\/blog\/wp-json\/wp\/v2\/users\/2"}],"replies":[{"embeddable":true,"href":"https:\/\/grete.duna.no\/blog\/wp-json\/wp\/v2\/comments?post=7201"}],"version-history":[{"count":10,"href":"https:\/\/grete.duna.no\/blog\/wp-json\/wp\/v2\/posts\/7201\/revisions"}],"predecessor-version":[{"id":7212,"href":"https:\/\/grete.duna.no\/blog\/wp-json\/wp\/v2\/posts\/7201\/revisions\/7212"}],"wp:attachment":[{"href":"https:\/\/grete.duna.no\/blog\/wp-json\/wp\/v2\/media?parent=7201"}],"wp:term":[{"taxonomy":"category","embeddable":true,"href":"https:\/\/grete.duna.no\/blog\/wp-json\/wp\/v2\/categories?post=7201"},{"taxonomy":"post_tag","embeddable":true,"href":"https:\/\/grete.duna.no\/blog\/wp-json\/wp\/v2\/tags?post=7201"}],"curies":[{"name":"wp","href":"https:\/\/api.w.org\/{rel}","templated":true}]}}