{"id":7308,"date":"2011-04-21T17:18:17","date_gmt":"2011-04-21T15:18:17","guid":{"rendered":"http:\/\/grete.duna.no\/blog\/?p=7308"},"modified":"2011-04-21T17:18:17","modified_gmt":"2011-04-21T15:18:17","slug":"alle-far","status":"publish","type":"post","link":"https:\/\/grete.duna.no\/blog\/2011\/04\/21\/alle-far\/","title":{"rendered":"Alle f\u00e5r"},"content":{"rendered":"<p style=\"text-align: left;\">I dag er forh\u00e5pentligvis siste dag i p\u00e5skeferien med gr\u00e5v\u00e6r, om vi skal tro v\u00e6rmeldingen. Og det er forh\u00e5pentligvis ogs\u00e5 siste dag med omgangssyke, magesjau, farrang, eller hva det n\u00e5 er som har ridd oss de siste fire dagene. Vi har holdt mest innend\u00f8rs, selv om det b\u00e5de har blitt trilletur og skog og fj\u00e6re-tur med Ida og Lukas. En liten bollefest hadde vi ogs\u00e5, og det var s\u00e6rdeles popul\u00e6rt hos de to minste.<\/p>\n<figure id=\"attachment_7309\" aria-describedby=\"caption-attachment-7309\" style=\"width: 540px\" class=\"wp-caption aligncenter\"><a href=\"http:\/\/grete.duna.no\/blog\/wp-content\/uploads\/2011\/04\/alle-far-bolle.jpg\"><img decoding=\"async\" loading=\"lazy\" class=\"size-full wp-image-7309 \" style=\"border: 1px solid black; margin-top: 1px; margin-bottom: 1px;\" title=\"alle-far-bolle\" src=\"http:\/\/grete.duna.no\/blog\/wp-content\/uploads\/2011\/04\/alle-far-bolle.jpg\" alt=\"\" width=\"540\" height=\"536\" srcset=\"https:\/\/grete.duna.no\/blog\/wp-content\/uploads\/2011\/04\/alle-far-bolle.jpg 600w, https:\/\/grete.duna.no\/blog\/wp-content\/uploads\/2011\/04\/alle-far-bolle-180x180.jpg 180w, https:\/\/grete.duna.no\/blog\/wp-content\/uploads\/2011\/04\/alle-far-bolle-300x298.jpg 300w\" sizes=\"(max-width: 540px) 85vw, 540px\" \/><\/a><figcaption id=\"caption-attachment-7309\" class=\"wp-caption-text\">Fredrik deler ut bollesmakebiter til Lukas og Ida<\/figcaption><\/figure>\n","protected":false},"excerpt":{"rendered":"<p>I dag er forh\u00e5pentligvis siste dag i p\u00e5skeferien med gr\u00e5v\u00e6r, om vi skal tro v\u00e6rmeldingen. Og det er forh\u00e5pentligvis ogs\u00e5 siste dag med omgangssyke, magesjau, farrang, eller hva det n\u00e5 er som har ridd oss de siste fire dagene. Vi har holdt mest innend\u00f8rs, selv om det b\u00e5de har blitt trilletur og skog og fj\u00e6re-tur &hellip; <a href=\"https:\/\/grete.duna.no\/blog\/2011\/04\/21\/alle-far\/\" class=\"more-link\">Continue reading<span class=\"screen-reader-text\"> &#8220;Alle f\u00e5r&#8221;<\/span><\/a><\/p>\n","protected":false},"author":2,"featured_media":0,"comment_status":"open","ping_status":"open","sticky":false,"template":"","format":"standard","meta":[],"categories":[9,11,39,6],"tags":[53,42,77,46,61,13],"_links":{"self":[{"href":"https:\/\/grete.duna.no\/blog\/wp-json\/wp\/v2\/posts\/7308"}],"collection":[{"href":"https:\/\/grete.duna.no\/blog\/wp-json\/wp\/v2\/posts"}],"about":[{"href":"https:\/\/grete.duna.no\/blog\/wp-json\/wp\/v2\/types\/post"}],"author":[{"embeddable":true,"href":"https:\/\/grete.duna.no\/blog\/wp-json\/wp\/v2\/users\/2"}],"replies":[{"embeddable":true,"href":"https:\/\/grete.duna.no\/blog\/wp-json\/wp\/v2\/comments?post=7308"}],"version-history":[{"count":2,"href":"https:\/\/grete.duna.no\/blog\/wp-json\/wp\/v2\/posts\/7308\/revisions"}],"predecessor-version":[{"id":7311,"href":"https:\/\/grete.duna.no\/blog\/wp-json\/wp\/v2\/posts\/7308\/revisions\/7311"}],"wp:attachment":[{"href":"https:\/\/grete.duna.no\/blog\/wp-json\/wp\/v2\/media?parent=7308"}],"wp:term":[{"taxonomy":"category","embeddable":true,"href":"https:\/\/grete.duna.no\/blog\/wp-json\/wp\/v2\/categories?post=7308"},{"taxonomy":"post_tag","embeddable":true,"href":"https:\/\/grete.duna.no\/blog\/wp-json\/wp\/v2\/tags?post=7308"}],"curies":[{"name":"wp","href":"https:\/\/api.w.org\/{rel}","templated":true}]}}