{"id":7587,"date":"2011-05-22T00:06:33","date_gmt":"2011-05-21T22:06:33","guid":{"rendered":"http:\/\/grete.duna.no\/blog\/?p=7587"},"modified":"2011-05-21T21:07:54","modified_gmt":"2011-05-21T19:07:54","slug":"l%c3%b8rdagskveill-og-ungdomsti","status":"publish","type":"post","link":"https:\/\/grete.duna.no\/blog\/2011\/05\/22\/l%c3%b8rdagskveill-og-ungdomsti\/","title":{"rendered":"L\u00f8rdagskveill og ungdomsti&#8217;"},"content":{"rendered":"<p style=\"text-align: left;\">Ungdommene dro p\u00e5 fest p\u00e5 l\u00f8rdagen, s\u00e5 staselige og fine!<\/p>\n<figure id=\"attachment_7588\" aria-describedby=\"caption-attachment-7588\" style=\"width: 540px\" class=\"wp-caption aligncenter\"><a href=\"http:\/\/grete.duna.no\/blog\/wp-content\/uploads\/2011\/05\/ungdomman-skal-pa-fest.jpg\"><img decoding=\"async\" loading=\"lazy\" class=\"size-full wp-image-7588 \" style=\"border: 1px solid black; margin-top: 1px; margin-bottom: 1px;\" title=\"ungdomman-skal-pa-fest\" src=\"http:\/\/grete.duna.no\/blog\/wp-content\/uploads\/2011\/05\/ungdomman-skal-pa-fest.jpg\" alt=\"\" width=\"540\" height=\"517\" srcset=\"https:\/\/grete.duna.no\/blog\/wp-content\/uploads\/2011\/05\/ungdomman-skal-pa-fest.jpg 600w, https:\/\/grete.duna.no\/blog\/wp-content\/uploads\/2011\/05\/ungdomman-skal-pa-fest-300x287.jpg 300w\" sizes=\"(max-width: 540px) 85vw, 540px\" \/><\/a><figcaption id=\"caption-attachment-7588\" class=\"wp-caption-text\">Patrick og Margrete pyntet til l\u00f8rdagsfest<\/figcaption><\/figure>\n","protected":false},"excerpt":{"rendered":"<p>Ungdommene dro p\u00e5 fest p\u00e5 l\u00f8rdagen, s\u00e5 staselige og fine!<\/p>\n","protected":false},"author":2,"featured_media":0,"comment_status":"open","ping_status":"open","sticky":false,"template":"","format":"standard","meta":[],"categories":[9],"tags":[12,35],"_links":{"self":[{"href":"https:\/\/grete.duna.no\/blog\/wp-json\/wp\/v2\/posts\/7587"}],"collection":[{"href":"https:\/\/grete.duna.no\/blog\/wp-json\/wp\/v2\/posts"}],"about":[{"href":"https:\/\/grete.duna.no\/blog\/wp-json\/wp\/v2\/types\/post"}],"author":[{"embeddable":true,"href":"https:\/\/grete.duna.no\/blog\/wp-json\/wp\/v2\/users\/2"}],"replies":[{"embeddable":true,"href":"https:\/\/grete.duna.no\/blog\/wp-json\/wp\/v2\/comments?post=7587"}],"version-history":[{"count":3,"href":"https:\/\/grete.duna.no\/blog\/wp-json\/wp\/v2\/posts\/7587\/revisions"}],"predecessor-version":[{"id":7591,"href":"https:\/\/grete.duna.no\/blog\/wp-json\/wp\/v2\/posts\/7587\/revisions\/7591"}],"wp:attachment":[{"href":"https:\/\/grete.duna.no\/blog\/wp-json\/wp\/v2\/media?parent=7587"}],"wp:term":[{"taxonomy":"category","embeddable":true,"href":"https:\/\/grete.duna.no\/blog\/wp-json\/wp\/v2\/categories?post=7587"},{"taxonomy":"post_tag","embeddable":true,"href":"https:\/\/grete.duna.no\/blog\/wp-json\/wp\/v2\/tags?post=7587"}],"curies":[{"name":"wp","href":"https:\/\/api.w.org\/{rel}","templated":true}]}}