{"id":9765,"date":"2011-12-06T00:07:52","date_gmt":"2011-12-05T23:07:52","guid":{"rendered":"http:\/\/grete.duna.no\/blog\/?p=9765"},"modified":"2017-05-23T13:39:33","modified_gmt":"2017-05-23T11:39:33","slug":"snikende-stemning","status":"publish","type":"post","link":"https:\/\/grete.duna.no\/blog\/2011\/12\/06\/snikende-stemning\/","title":{"rendered":"Snikende stemning"},"content":{"rendered":"<p>Jeg er ikke s\u00e5 julete av meg. Ikke baker jeg, ikke st\u00e5r jeg p\u00e5 hodet i rundvask, ikke stresser jeg vettet av meg med innkj\u00f8p, hemmeligheter og gaver og ikke maser jeg rundt med pynt fra kjeller til pipe &#8211; jeg er nok ganske kjedelig n\u00e5r det kommer til advent og jul. Men s\u00e5 sniker det seg liksom litt innp\u00e5 meg likevel. Litt lys, litt sn\u00f8, kalenderen sladrer om at \u00e5ret g\u00e5r mot slutten. Ungene begynner \u00e5 hinte om saker de \u00f8nsker seg. Og s\u00e5 kommer mamma med julestjerne. Da kjenner jeg at jeg begynner \u00e5 glede meg litt likevel. Selv om jeg ikke skal stresse med noe som helst, og antagelig ogs\u00e5 i \u00e5r kj\u00f8pe det som skal til av julebakst.<\/p>\n<p style=\"text-align: center;\"><a href=\"http:\/\/grete.duna.no\/blog\/wp-content\/uploads\/2011\/12\/adventsblomst.jpg\"><img decoding=\"async\" loading=\"lazy\" class=\"aligncenter size-full wp-image-9767\" style=\"border: 1px solid black; margin-top: 1px; margin-bottom: 1px;\" title=\"adventsblomst\" src=\"http:\/\/grete.duna.no\/blog\/wp-content\/uploads\/2011\/12\/adventsblomst.jpg\" alt=\"\" width=\"540\" height=\"569\" srcset=\"https:\/\/grete.duna.no\/blog\/wp-content\/uploads\/2011\/12\/adventsblomst.jpg 540w, https:\/\/grete.duna.no\/blog\/wp-content\/uploads\/2011\/12\/adventsblomst-284x300.jpg 284w\" sizes=\"(max-width: 540px) 85vw, 540px\" \/><\/a><\/p>\n","protected":false},"excerpt":{"rendered":"<p>Jeg er ikke s\u00e5 julete av meg. Ikke baker jeg, ikke st\u00e5r jeg p\u00e5 hodet i rundvask, ikke stresser jeg vettet av meg med innkj\u00f8p, hemmeligheter og gaver og ikke maser jeg rundt med pynt fra kjeller til pipe &#8211; jeg er nok ganske kjedelig n\u00e5r det kommer til advent og jul. Men s\u00e5 sniker &hellip; <a href=\"https:\/\/grete.duna.no\/blog\/2011\/12\/06\/snikende-stemning\/\" class=\"more-link\">Continue reading<span class=\"screen-reader-text\"> &#8220;Snikende stemning&#8221;<\/span><\/a><\/p>\n","protected":false},"author":2,"featured_media":0,"comment_status":"open","ping_status":"open","sticky":false,"template":"","format":"standard","meta":[],"categories":[43],"tags":[151,38,7],"_links":{"self":[{"href":"https:\/\/grete.duna.no\/blog\/wp-json\/wp\/v2\/posts\/9765"}],"collection":[{"href":"https:\/\/grete.duna.no\/blog\/wp-json\/wp\/v2\/posts"}],"about":[{"href":"https:\/\/grete.duna.no\/blog\/wp-json\/wp\/v2\/types\/post"}],"author":[{"embeddable":true,"href":"https:\/\/grete.duna.no\/blog\/wp-json\/wp\/v2\/users\/2"}],"replies":[{"embeddable":true,"href":"https:\/\/grete.duna.no\/blog\/wp-json\/wp\/v2\/comments?post=9765"}],"version-history":[{"count":8,"href":"https:\/\/grete.duna.no\/blog\/wp-json\/wp\/v2\/posts\/9765\/revisions"}],"predecessor-version":[{"id":21814,"href":"https:\/\/grete.duna.no\/blog\/wp-json\/wp\/v2\/posts\/9765\/revisions\/21814"}],"wp:attachment":[{"href":"https:\/\/grete.duna.no\/blog\/wp-json\/wp\/v2\/media?parent=9765"}],"wp:term":[{"taxonomy":"category","embeddable":true,"href":"https:\/\/grete.duna.no\/blog\/wp-json\/wp\/v2\/categories?post=9765"},{"taxonomy":"post_tag","embeddable":true,"href":"https:\/\/grete.duna.no\/blog\/wp-json\/wp\/v2\/tags?post=9765"}],"curies":[{"name":"wp","href":"https:\/\/api.w.org\/{rel}","templated":true}]}}